{"id":7257,"date":"2026-02-02T13:45:00","date_gmt":"2026-02-02T12:45:00","guid":{"rendered":"https:\/\/teselainnova.com\/actualites\/fiche-de-participation-journee-information-cluster-2-horizon-europe-seville\/"},"modified":"2026-04-19T19:46:58","modified_gmt":"2026-04-19T17:46:58","slug":"infoday-horizon-europe-cluster-2-tesela-innovation-patrimoine","status":"publish","type":"post","link":"https:\/\/teselainnova.com\/fr\/actualites\/infoday-horizon-europe-cluster-2-tesela-innovation-patrimoine\/","title":{"rendered":"Journ\u00e9e d&rsquo;information \u00ab Horizon Europe \u00bb \u2013 P\u00f4le 2 : TESELA stimule l&rsquo;innovation dans les domaines de la culture et du patrimoine"},"content":{"rendered":"\n<p><a href=\"https:\/\/www.andaluciatrade.es\/eventos\/infoday-cluster-2-cultura-creatividad-sociedad-inclusiva-horizonte-europa-2026\/\" target=\"_blank\" rel=\"noreferrer noopener\"><strong>L&rsquo;Infoday \u00ab Horizon Europe Cluster 2<\/strong> <\/a>\u00bb a \u00e9t\u00e9 l&rsquo;occasion pour <a href=\"https:\/\/teselainnova.com\/fr\/\" target=\"_blank\" rel=\"noreferrer noopener\">TESELA Materiales Innovaci\u00f3n y Patrimonio<\/a> de renforcer sa position au sein de l&rsquo;\u00e9cosyst\u00e8me europ\u00e9en de la recherche et de l&rsquo;innovation. Cet \u00e9v\u00e9nement, ax\u00e9 sur la culture, la cr\u00e9ativit\u00e9 et la soci\u00e9t\u00e9 inclusive, s&rsquo;est tenu le 27 janvier dernier au mus\u00e9e Casa de la Ciencia du CSIC, \u00e0 S\u00e9ville, et a r\u00e9uni de nombreuses entit\u00e9s int\u00e9ress\u00e9es par les opportunit\u00e9s de financement europ\u00e9en. <\/p>\n\n<p>La participation de TESELA \u00e0 <strong>l\u2019Infoday Horizon Europe Cluster 2<\/strong> met en \u00e9vidence son engagement en faveur du d\u00e9veloppement de solutions innovantes dans le domaine du patrimoine culturel, ainsi que son int\u00e9r\u00eat \u00e0 renforcer sa pr\u00e9sence dans des projets europ\u00e9ens de R&amp;D&amp;I. Ce type de rencontres est essentiel pour conna\u00eetre les priorit\u00e9s strat\u00e9giques de l\u2019Union europ\u00e9enne et anticiper les futurs appels \u00e0 propositions. <\/p>\n\n<h3 class=\"wp-block-heading\">TESELA et le projet europ\u00e9en HERIT4AGES<\/h3>\n\n<p>Lors de la <strong>journ\u00e9e d&rsquo;information \u00ab Horizon Europe Cluster 2 \u00bb,<\/strong> TESELA a pr\u00e9sent\u00e9 ses activit\u00e9s, ses principaux axes de travail et son exp\u00e9rience dans le domaine des projets de recherche internationaux. Dans ce contexte, l&rsquo;entreprise a particuli\u00e8rement mis en avant sa participation au projet europ\u00e9en <a href=\"https:\/\/teselainnova.com\/fr\/proyecto\/projet-europe-herit4ages\/\">HERIT4AGES<\/a>. <\/p>\n\n<p>HERIT4AGES es una iniciativa orientada a la generaci\u00f3n de nuevas soluciones para la conservaci\u00f3n, gesti\u00f3n, digitalizaci\u00f3n y puesta en valor del patrimonio cultural. Este proyecto se enmarca dentro de la iniciativa <a href=\"https:\/\/built4people.eu\/\" target=\"_blank\" rel=\"noreferrer noopener\">Built4People<\/a> del <a href=\"https:\/\/research-and-innovation.ec.europa.eu\/funding\/funding-opportunities\/funding-programmes-and-open-calls\/horizon-europe\/cluster-5-climate-energy-and-mobility_en\" target=\"_blank\" rel=\"noreferrer noopener\">Cl\u00faster 5 de Horizonte Europa<\/a> y tiene como objetivo integrar innovaci\u00f3n, sostenibilidad y tecnolog\u00eda avanzada en el \u00e1mbito del patrimonio. <\/p>\n\n<p>La participation de TESELA \u00e0 la <strong>journ\u00e9e d&rsquo;information \u00ab Horizonte Europa Cl\u00faster 2 \u00bb<\/strong> a permis de mettre en avant son r\u00f4le au sein du projet HERIT4AGES, ainsi que de d\u00e9montrer sa capacit\u00e9 \u00e0 contribuer au d\u00e9veloppement de mat\u00e9riaux innovants et de solutions techniques appliqu\u00e9es au patrimoine historique.<\/p>\n\n<h3 class=\"wp-block-heading\">Possibilit\u00e9s de financement dans le cadre d&rsquo;Horizon Europe<\/h3>\n\n<p>Un autre aspect essentiel de la <strong>journ\u00e9e d&rsquo;information \u00ab Horizon Europe Cluster 2 \u00bb<\/strong> a \u00e9t\u00e9 la pr\u00e9sentation des appels \u00e0 projets pr\u00e9vus pour 2026 dans le cadre de ce programme europ\u00e9en. Horizon Europe constitue l&rsquo;un des principaux instruments de financement destin\u00e9s \u00e0 promouvoir la recherche, l&rsquo;innovation et la collaboration internationale. <\/p>\n\n<p>\u00c0 cet \u00e9gard, <strong>l&rsquo;Infoday \u00ab Horizon Europe Cluster 2 \u00bb<\/strong> a donn\u00e9 un aper\u00e7u d\u00e9taill\u00e9 des opportunit\u00e9s offertes aux organismes actifs dans les domaines de la culture, de la cr\u00e9ativit\u00e9 et de la soci\u00e9t\u00e9 inclusive. Pour TESELA, ces appels \u00e0 projets constituent une opportunit\u00e9 strat\u00e9gique pour continuer \u00e0 d\u00e9velopper des projets innovants et renforcer sa participation au sein de consortiums europ\u00e9ens. <\/p>\n\n<h3 class=\"wp-block-heading\">R\u00e9seautage et collaboration internationale<\/h3>\n\n<p><strong>L&rsquo;Infoday \u00ab Horizon Europe Cluster 2 \u00bb<\/strong> s&rsquo;est \u00e9galement distingu\u00e9 par son volet important consacr\u00e9 au r\u00e9seautage. La participation des points de contact nationaux (PCN) a permis aux participants d&rsquo;obtenir des informations essentielles sur les processus de financement europ\u00e9en et de recevoir des conseils pratiques pour la pr\u00e9paration de propositions comp\u00e9titives. <\/p>\n\n<p>De plus, cet \u00e9v\u00e9nement a facilit\u00e9 les \u00e9changes entre les diff\u00e9rentes entit\u00e9s, favorisant ainsi l&rsquo;identification de partenaires strat\u00e9giques et la cr\u00e9ation de futurs consortiums internationaux. La participation de TESELA \u00e0 <strong>l&rsquo;Infoday \u00ab Horizon Europe Cluster 2 \u00bb <\/strong>a contribu\u00e9 \u00e0 renforcer son r\u00e9seau de contacts et \u00e0 explorer de nouvelles opportunit\u00e9s de collaboration dans le cadre de projets europ\u00e9ens. <\/p>\n\n<h3 class=\"wp-block-heading\">Engagement en faveur de l&rsquo;innovation et du patrimoine<\/h3>\n\n<p>La participation \u00e0 <strong>l&rsquo;Infoday Horizon Europe Cluster 2<\/strong> r\u00e9affirme l&rsquo;engagement de TESELA en faveur de l&rsquo;innovation, de la durabilit\u00e9 et de la coop\u00e9ration internationale. Son approche, ax\u00e9e sur le d\u00e9veloppement de solutions de pointe pour la conservation du patrimoine culturel, s&rsquo;inscrit dans la droite ligne des objectifs d&rsquo;Horizon Europe et des d\u00e9fis actuels de la soci\u00e9t\u00e9. <\/p>\n\n<p>Dans un contexte o\u00f9 la culture et le patrimoine jouent un r\u00f4le de plus en plus important, <strong>l&rsquo;Infoday Horizon Europe Cluster 2<\/strong> s&rsquo;impose comme un \u00e9v\u00e9nement incontournable pour stimuler de nouvelles initiatives et encourager la collaboration entre les organismes au niveau europ\u00e9en.<\/p>\n\n<p>Gr\u00e2ce \u00e0 sa participation \u00e0 <strong>l&rsquo;Infoday \u00ab Horizon Europe Cluster 2 \u00bb<\/strong>, TESELA continue de s&rsquo;imposer comme un acteur majeur dans le domaine de l&rsquo;innovation appliqu\u00e9e au patrimoine, en contribuant au d\u00e9veloppement de solutions durables, efficaces et conformes aux politiques europ\u00e9ennes.<\/p>\n\n<div data-wp-interactive=\"core\/file\" class=\"wp-block-file\"><object data-wp-bind--hidden=\"!state.hasPdfPreview\" hidden class=\"wp-block-file__embed\" data=\"https:\/\/teselainnova.com\/wp-content\/uploads\/2026\/03\/Jornada-CL2_Sevilla-9En-Def-Pdf.pdf\" type=\"application\/pdf\" style=\"width:100%;height:600px\" aria-label=\"Contenu embarqu\u00e9 Jornada CL2_Sevilla 9En Def Pdf.\"><\/object><a id=\"wp-block-file--media-2f280872-ebc4-4977-811f-19eadf5884f8\" href=\"https:\/\/teselainnova.com\/wp-content\/uploads\/2026\/03\/Jornada-CL2_Sevilla-9En-Def-Pdf.pdf\">Jornada CL2_Sevilla 9En Def Pdf<\/a><a href=\"https:\/\/teselainnova.com\/wp-content\/uploads\/2026\/03\/Jornada-CL2_Sevilla-9En-Def-Pdf.pdf\" class=\"wp-block-file__button wp-element-button\" download=\"\" aria-describedby=\"wp-block-file--media-2f280872-ebc4-4977-811f-19eadf5884f8\">T\u00e9l\u00e9charger<\/a><\/div>\n","protected":false},"excerpt":{"rendered":"<p>TESELA participe \u00e0 la journ\u00e9e d&rsquo;information du cluster 2 d&rsquo;Horizon Europe \u00e0 S\u00e9ville, afin d&rsquo;explorer les possibilit\u00e9s de financement europ\u00e9en, l&rsquo;innovation dans le domaine du patrimoine et de nouvelles opportunit\u00e9s de collaboration.<\/p>\n","protected":false},"author":5,"featured_media":7256,"comment_status":"closed","ping_status":"closed","sticky":false,"template":"","format":"standard","meta":{"_acf_changed":false,"footnotes":""},"categories":[32],"tags":[117,165,241,242],"class_list":["post-7257","post","type-post","status-publish","format-standard","has-post-thumbnail","hentry","category-actualites","tag-projets","tag-europe-fr","tag-cluter2","tag-horizon-europe"],"acf":[],"_links":{"self":[{"href":"https:\/\/teselainnova.com\/fr\/wp-json\/wp\/v2\/posts\/7257","targetHints":{"allow":["GET"]}}],"collection":[{"href":"https:\/\/teselainnova.com\/fr\/wp-json\/wp\/v2\/posts"}],"about":[{"href":"https:\/\/teselainnova.com\/fr\/wp-json\/wp\/v2\/types\/post"}],"author":[{"embeddable":true,"href":"https:\/\/teselainnova.com\/fr\/wp-json\/wp\/v2\/users\/5"}],"replies":[{"embeddable":true,"href":"https:\/\/teselainnova.com\/fr\/wp-json\/wp\/v2\/comments?post=7257"}],"version-history":[{"count":0,"href":"https:\/\/teselainnova.com\/fr\/wp-json\/wp\/v2\/posts\/7257\/revisions"}],"wp:featuredmedia":[{"embeddable":true,"href":"https:\/\/teselainnova.com\/fr\/wp-json\/wp\/v2\/media\/7256"}],"wp:attachment":[{"href":"https:\/\/teselainnova.com\/fr\/wp-json\/wp\/v2\/media?parent=7257"}],"wp:term":[{"taxonomy":"category","embeddable":true,"href":"https:\/\/teselainnova.com\/fr\/wp-json\/wp\/v2\/categories?post=7257"},{"taxonomy":"post_tag","embeddable":true,"href":"https:\/\/teselainnova.com\/fr\/wp-json\/wp\/v2\/tags?post=7257"}],"curies":[{"name":"wp","href":"https:\/\/api.w.org\/{rel}","templated":true}]}}