{"id":6495,"date":"2025-04-25T12:44:00","date_gmt":"2025-04-25T10:44:00","guid":{"rendered":"https:\/\/teselainnova.com\/actualites\/tesela-et-herit4ages-seront-presents-a-rebuild-2025\/"},"modified":"2025-06-01T15:59:49","modified_gmt":"2025-06-01T13:59:49","slug":"tesela-et-herit4ages-seront-presents-a-rebuild-2025","status":"publish","type":"post","link":"https:\/\/teselainnova.com\/fr\/l_agenda\/tesela-et-herit4ages-seront-presents-a-rebuild-2025\/","title":{"rendered":"TESELA et HERIT4AGES ont particip\u00e9 \u00e0 REBUILD 2025"},"content":{"rendered":"\n<p>En tant qu&rsquo;\u00e9v\u00e9nement phare en Espagne pour la construction durable, num\u00e9rique et industrialis\u00e9e, REBUILD 2025 rassemble plus de 25 000 professionnels du secteur et pr\u00e9sente des solutions innovantes pour l&rsquo;avenir de la construction.<\/p>\n\n<p>\ud83d\udcc5 Quand l&rsquo;\u00e9v\u00e9nement a-t-il eu lieu ? 23-25 avril 2025<br\/>\ud83d\udccd O\u00f9 l&rsquo;\u00e9v\u00e9nement a-t-il eu lieu ? IFEMA Madrid  <\/p>\n\n<p>Dans ce contexte, TESELA a particip\u00e9 \u00e0 REBUILD 2025 pour explorer de nouvelles opportunit\u00e9s dans le secteur de la construction et, en m\u00eame temps, expliquer \u00e0 diff\u00e9rentes personnes, groupes et organisations la valeur du projet HERIT4AGES et la mani\u00e8re dont il peut influencer la r\u00e9habilitation du patrimoine europ\u00e9en.<\/p>\n\n<figure class=\"wp-block-image aligncenter size-full\"><img decoding=\"async\" width=\"1000\" height=\"364\" src=\"https:\/\/teselainnova.com\/wp-content\/uploads\/2025\/03\/rebuild_2025.jpg\" alt=\"\" class=\"wp-image-6379\" title=\"\" srcset=\"https:\/\/teselainnova.com\/wp-content\/uploads\/2025\/03\/rebuild_2025.jpg 1000w, https:\/\/teselainnova.com\/wp-content\/uploads\/2025\/03\/rebuild_2025-300x109.jpg 300w, https:\/\/teselainnova.com\/wp-content\/uploads\/2025\/03\/rebuild_2025-768x280.jpg 768w\" sizes=\"(max-width: 1000px) 100vw, 1000px\" \/><\/figure>\n\n<figure class=\"wp-block-gallery has-nested-images columns-default is-cropped wp-block-gallery-1 is-layout-flex wp-block-gallery-is-layout-flex\">\n<figure class=\"wp-block-image size-large\"><img decoding=\"async\" width=\"768\" height=\"1024\" data-id=\"6680\" src=\"https:\/\/teselainnova.com\/wp-content\/uploads\/2025\/03\/WhatsApp-Image-2025-06-01-at-12.53.10-768x1024.jpeg\" alt=\"\" class=\"wp-image-6680\" title=\"\" srcset=\"https:\/\/teselainnova.com\/wp-content\/uploads\/2025\/03\/WhatsApp-Image-2025-06-01-at-12.53.10-768x1024.jpeg 768w, https:\/\/teselainnova.com\/wp-content\/uploads\/2025\/03\/WhatsApp-Image-2025-06-01-at-12.53.10-225x300.jpeg 225w, https:\/\/teselainnova.com\/wp-content\/uploads\/2025\/03\/WhatsApp-Image-2025-06-01-at-12.53.10-1152x1536.jpeg 1152w, https:\/\/teselainnova.com\/wp-content\/uploads\/2025\/03\/WhatsApp-Image-2025-06-01-at-12.53.10-15x20.jpeg 15w, https:\/\/teselainnova.com\/wp-content\/uploads\/2025\/03\/WhatsApp-Image-2025-06-01-at-12.53.10.jpeg 1536w\" sizes=\"(max-width: 768px) 100vw, 768px\" \/><\/figure>\n\n\n\n<figure class=\"wp-block-image size-large\"><img decoding=\"async\" width=\"768\" height=\"1024\" data-id=\"6677\" src=\"https:\/\/teselainnova.com\/wp-content\/uploads\/2025\/03\/WhatsApp-Image-2025-06-01-at-12.48.35-768x1024.jpeg\" alt=\"\" class=\"wp-image-6677\" title=\"\" srcset=\"https:\/\/teselainnova.com\/wp-content\/uploads\/2025\/03\/WhatsApp-Image-2025-06-01-at-12.48.35-768x1024.jpeg 768w, https:\/\/teselainnova.com\/wp-content\/uploads\/2025\/03\/WhatsApp-Image-2025-06-01-at-12.48.35-225x300.jpeg 225w, https:\/\/teselainnova.com\/wp-content\/uploads\/2025\/03\/WhatsApp-Image-2025-06-01-at-12.48.35-1152x1536.jpeg 1152w, https:\/\/teselainnova.com\/wp-content\/uploads\/2025\/03\/WhatsApp-Image-2025-06-01-at-12.48.35-15x20.jpeg 15w, https:\/\/teselainnova.com\/wp-content\/uploads\/2025\/03\/WhatsApp-Image-2025-06-01-at-12.48.35.jpeg 1200w\" sizes=\"(max-width: 768px) 100vw, 768px\" \/><\/figure>\n<\/figure>\n","protected":false},"excerpt":{"rendered":"<p>En tant qu&rsquo;\u00e9v\u00e9nement phare en Espagne pour la construction durable, num\u00e9rique et industrialis\u00e9e, REBUILD 2025 rassemble plus de 25 000 professionnels du secteur et pr\u00e9sente des solutions innovantes pour l&rsquo;avenir de la construction. \ud83d\udcc5 Quand l&rsquo;\u00e9v\u00e9nement a-t-il eu lieu ? 23-25 avril 2025\ud83d\udccd O\u00f9 l&rsquo;\u00e9v\u00e9nement a-t-il eu lieu ? IFEMA Madrid Dans ce contexte, TESELA [&hellip;]<\/p>\n","protected":false},"author":5,"featured_media":6384,"comment_status":"closed","ping_status":"closed","sticky":false,"template":"","format":"standard","meta":{"_acf_changed":false,"footnotes":""},"categories":[118],"tags":[172,116,117],"class_list":["post-6495","post","type-post","status-publish","format-standard","has-post-thumbnail","hentry","category-l_agenda","tag-construction","tag-linnovation","tag-projets"],"acf":[],"_links":{"self":[{"href":"https:\/\/teselainnova.com\/fr\/wp-json\/wp\/v2\/posts\/6495","targetHints":{"allow":["GET"]}}],"collection":[{"href":"https:\/\/teselainnova.com\/fr\/wp-json\/wp\/v2\/posts"}],"about":[{"href":"https:\/\/teselainnova.com\/fr\/wp-json\/wp\/v2\/types\/post"}],"author":[{"embeddable":true,"href":"https:\/\/teselainnova.com\/fr\/wp-json\/wp\/v2\/users\/5"}],"replies":[{"embeddable":true,"href":"https:\/\/teselainnova.com\/fr\/wp-json\/wp\/v2\/comments?post=6495"}],"version-history":[{"count":0,"href":"https:\/\/teselainnova.com\/fr\/wp-json\/wp\/v2\/posts\/6495\/revisions"}],"wp:featuredmedia":[{"embeddable":true,"href":"https:\/\/teselainnova.com\/fr\/wp-json\/wp\/v2\/media\/6384"}],"wp:attachment":[{"href":"https:\/\/teselainnova.com\/fr\/wp-json\/wp\/v2\/media?parent=6495"}],"wp:term":[{"taxonomy":"category","embeddable":true,"href":"https:\/\/teselainnova.com\/fr\/wp-json\/wp\/v2\/categories?post=6495"},{"taxonomy":"post_tag","embeddable":true,"href":"https:\/\/teselainnova.com\/fr\/wp-json\/wp\/v2\/tags?post=6495"}],"curies":[{"name":"wp","href":"https:\/\/api.w.org\/{rel}","templated":true}]}}