{"id":5239,"date":"2024-04-18T17:38:34","date_gmt":"2024-04-18T15:38:34","guid":{"rendered":"https:\/\/teselainnova.com\/actualites\/journees-du-patrimoine-hispanie-nostra\/"},"modified":"2024-04-26T18:42:33","modified_gmt":"2024-04-26T16:42:33","slug":"journees-du-patrimoine-hispanie-nostra","status":"publish","type":"post","link":"https:\/\/teselainnova.com\/fr\/actualites\/journees-du-patrimoine-hispanie-nostra\/","title":{"rendered":"TESELA participe \u00e0 la III\u00e8me Conf\u00e9rence du Patrimoine. Hispania Nostra"},"content":{"rendered":"\n<p>Aujourd&rsquo;hui, notre directeur g\u00e9n\u00e9ral, Eugenio Navarro, se trouve \u00e0 Alcal\u00e1 la Real pour assister \u00e0 la troisi\u00e8me conf\u00e9rence sur le patrimoine organis\u00e9e par Hispania Nostra.<\/p>\n\n<p><img decoding=\"async\" height=\"16\" width=\"16\" alt=\"&#x1F4C5;\" src=\"https:\/\/static.xx.fbcdn.net\/images\/emoji.php\/v9\/t7e\/1\/16\/1f4c5.png\" title=\"\"> 18 et 19 avril 2024<\/p>\n\n<p><img decoding=\"async\" height=\"16\" width=\"16\" alt=\"&#x1F4CD;\" src=\"https:\/\/static.xx.fbcdn.net\/images\/emoji.php\/v9\/t2d\/1\/16\/1f4cd.png\" title=\"\"> Convento de la Trinidad, Alcal\u00e1 la Real, Ja\u00e9n<\/p>\n\n<p><img decoding=\"async\" height=\"16\" width=\"16\" alt=\"&#x1F4A1;\" src=\"https:\/\/static.xx.fbcdn.net\/images\/emoji.php\/v9\/t3c\/1\/16\/1f4a1.png\" title=\"\"><a><\/a>Organis\u00e9 par : Hispania Nostra et le conseil municipal d&rsquo;Alcal\u00e1 la Real. En collaboration avec la mairie de Priego de C\u00f3rdoba.<\/p>\n\n<figure class=\"wp-block-gallery has-nested-images columns-default is-cropped wp-block-gallery-1 is-layout-flex wp-block-gallery-is-layout-flex\">\n<figure class=\"wp-block-image size-large\"><img decoding=\"async\" width=\"1024\" height=\"768\" data-id=\"5223\" src=\"https:\/\/teselainnova.com\/wp-content\/uploads\/2024\/04\/foro_HN-1024x768.jpeg\" alt=\"\" class=\"wp-image-5223\" title=\"\" srcset=\"https:\/\/teselainnova.com\/wp-content\/uploads\/2024\/04\/foro_HN-1024x768.jpeg 1024w, https:\/\/teselainnova.com\/wp-content\/uploads\/2024\/04\/foro_HN-300x225.jpeg 300w, https:\/\/teselainnova.com\/wp-content\/uploads\/2024\/04\/foro_HN-768x576.jpeg 768w, https:\/\/teselainnova.com\/wp-content\/uploads\/2024\/04\/foro_HN-20x15.jpeg 20w, https:\/\/teselainnova.com\/wp-content\/uploads\/2024\/04\/foro_HN.jpeg 1170w\" sizes=\"(max-width: 1024px) 100vw, 1024px\" \/><\/figure>\n\n\n\n<figure class=\"wp-block-image size-large\"><img decoding=\"async\" width=\"768\" height=\"1024\" data-id=\"5221\" src=\"https:\/\/teselainnova.com\/wp-content\/uploads\/2024\/04\/foro_HN_2-768x1024.jpeg\" alt=\"\" class=\"wp-image-5221\" title=\"\" srcset=\"https:\/\/teselainnova.com\/wp-content\/uploads\/2024\/04\/foro_HN_2-768x1024.jpeg 768w, https:\/\/teselainnova.com\/wp-content\/uploads\/2024\/04\/foro_HN_2-225x300.jpeg 225w, https:\/\/teselainnova.com\/wp-content\/uploads\/2024\/04\/foro_HN_2-1152x1536.jpeg 1152w, https:\/\/teselainnova.com\/wp-content\/uploads\/2024\/04\/foro_HN_2-15x20.jpeg 15w, https:\/\/teselainnova.com\/wp-content\/uploads\/2024\/04\/foro_HN_2.jpeg 1170w\" sizes=\"(max-width: 768px) 100vw, 768px\" \/><\/figure>\n\n\n\n<figure class=\"wp-block-image size-large\"><img decoding=\"async\" width=\"1024\" height=\"768\" data-id=\"5222\" src=\"https:\/\/teselainnova.com\/wp-content\/uploads\/2024\/04\/foro_HN_3-1024x768.jpeg\" alt=\"\" class=\"wp-image-5222\" title=\"\" srcset=\"https:\/\/teselainnova.com\/wp-content\/uploads\/2024\/04\/foro_HN_3-1024x768.jpeg 1024w, https:\/\/teselainnova.com\/wp-content\/uploads\/2024\/04\/foro_HN_3-300x225.jpeg 300w, https:\/\/teselainnova.com\/wp-content\/uploads\/2024\/04\/foro_HN_3-768x576.jpeg 768w, https:\/\/teselainnova.com\/wp-content\/uploads\/2024\/04\/foro_HN_3-20x15.jpeg 20w, https:\/\/teselainnova.com\/wp-content\/uploads\/2024\/04\/foro_HN_3.jpeg 1170w\" sizes=\"(max-width: 1024px) 100vw, 1024px\" \/><\/figure>\n<\/figure>\n","protected":false},"excerpt":{"rendered":"<p>Aujourd&rsquo;hui, notre directeur g\u00e9n\u00e9ral, Eugenio Navarro, se trouve \u00e0 Alcal\u00e1 la Real pour assister \u00e0 la troisi\u00e8me conf\u00e9rence sur le patrimoine organis\u00e9e par Hispania Nostra. 18 et 19 avril 2024 Convento de la Trinidad, Alcal\u00e1 la Real, Ja\u00e9n Organis\u00e9 par : Hispania Nostra et le conseil municipal d&rsquo;Alcal\u00e1 la Real. En collaboration avec la mairie [&hellip;]<\/p>\n","protected":false},"author":5,"featured_media":5330,"comment_status":"closed","ping_status":"closed","sticky":false,"template":"","format":"standard","meta":{"_acf_changed":false,"footnotes":""},"categories":[32],"tags":[119,123,136,93],"class_list":["post-5239","post","type-post","status-publish","format-standard","has-post-thumbnail","hentry","category-actualites","tag-entreprenariat","tag-congres","tag-etudes-precedentes","tag-heritage-fr"],"acf":[],"_links":{"self":[{"href":"https:\/\/teselainnova.com\/fr\/wp-json\/wp\/v2\/posts\/5239","targetHints":{"allow":["GET"]}}],"collection":[{"href":"https:\/\/teselainnova.com\/fr\/wp-json\/wp\/v2\/posts"}],"about":[{"href":"https:\/\/teselainnova.com\/fr\/wp-json\/wp\/v2\/types\/post"}],"author":[{"embeddable":true,"href":"https:\/\/teselainnova.com\/fr\/wp-json\/wp\/v2\/users\/5"}],"replies":[{"embeddable":true,"href":"https:\/\/teselainnova.com\/fr\/wp-json\/wp\/v2\/comments?post=5239"}],"version-history":[{"count":0,"href":"https:\/\/teselainnova.com\/fr\/wp-json\/wp\/v2\/posts\/5239\/revisions"}],"wp:featuredmedia":[{"embeddable":true,"href":"https:\/\/teselainnova.com\/fr\/wp-json\/wp\/v2\/media\/5330"}],"wp:attachment":[{"href":"https:\/\/teselainnova.com\/fr\/wp-json\/wp\/v2\/media?parent=5239"}],"wp:term":[{"taxonomy":"category","embeddable":true,"href":"https:\/\/teselainnova.com\/fr\/wp-json\/wp\/v2\/categories?post=5239"},{"taxonomy":"post_tag","embeddable":true,"href":"https:\/\/teselainnova.com\/fr\/wp-json\/wp\/v2\/tags?post=5239"}],"curies":[{"name":"wp","href":"https:\/\/api.w.org\/{rel}","templated":true}]}}