{"id":5091,"date":"2024-04-01T15:56:42","date_gmt":"2024-04-01T13:56:42","guid":{"rendered":"https:\/\/teselainnova.com\/actualites\/mortiers-de-chaux-impression-3d\/"},"modified":"2024-09-03T11:52:00","modified_gmt":"2024-09-03T09:52:00","slug":"mortiers-de-chaux-impression-3d","status":"publish","type":"post","link":"https:\/\/teselainnova.com\/fr\/actualites\/mortiers-de-chaux-impression-3d\/","title":{"rendered":"\ud83c\udfdb\ufe0f IMPRESSION 3D DE MORTIERS DE CHAUX : UNE NOUVELLE FA\u00c7ON DE RESTAURER LE PATRIMOINE \ud83c\udfdb\ufe0f"},"content":{"rendered":"\n<p>\ud83c\udfd7\ufe0f La chaux joue un r\u00f4le fondamental dans notre vie, qu&rsquo;il s&rsquo;agisse de son utilisation dans la peinture, l&rsquo;agriculture ou la construction. De plus, diff\u00e9rentes civilisations telles que les civilisations maya, \u00e9gyptienne et romaine utilisaient d\u00e9j\u00e0 la chaux comme principal mat\u00e9riau de construction.<\/p>\n\n<p>Bien que la chaux ait toujours \u00e9t\u00e9 pr\u00e9sente, son utilisation dans la restauration du patrimoine reste tr\u00e8s mal connue. Il est donc n\u00e9cessaire d&rsquo;explorer diff\u00e9rentes m\u00e9thodologies pour leur utilisation.<\/p>\n\n<p>\ud83d\ude80 Il y a quelques mois, nous avons d\u00e9marr\u00e9 le projet europ\u00e9en LIM3PRINT, cofinanc\u00e9 par le Programme du march\u00e9 unique de l&rsquo;Union europ\u00e9enne dans le cadre de CREATHRIV-EU (SMP-COSME-2021-CLUSTER-01, GA. No. 101074265). Le projet a \u00e9t\u00e9 coordonn\u00e9 par TESELA Materials Innovation and Heritage et le centre technologique CETIM a jou\u00e9 le r\u00f4le de prestataire de services.<\/p>\n\n<p>\ud83d\udca1Le projet LIM3PRINT vise \u00e0 r\u00e9soudre le probl\u00e8me de la reproduction d&rsquo;objets uniques du patrimoine culturel b\u00e2ti qui doivent \u00eatre remplac\u00e9s parce qu&rsquo;ils sont endommag\u00e9s ou ont disparu. \u00c0 cette fin, le principal objectif du projet est d&rsquo;utiliser la fabrication additive 3D directe (AM) combin\u00e9e \u00e0 l&rsquo;utilisation de mat\u00e9riaux de mortier de chaux durables.<\/p>\n\n<p>Merci \u00e0 tous les partenaires impliqu\u00e9s et aux collaborateurs de ce projet \ud83c\udf0e.<\/p>\n\n<p><br\/><a href=\"https:\/\/www.linkedin.com\/company\/creathriv-eu\/\" target=\"_blank\" rel=\"noopener\">Creathriv-Eu<\/a><br\/><a href=\"https:\/\/www.linkedin.com\/company\/baltic-film-creative-tech-cluster\/\" target=\"_blank\" rel=\"noopener\">Baltic Film  Creative Tech Cluster<\/a><br\/><a href=\"https:\/\/www.linkedin.com\/company\/basilicata-creativa\/\" target=\"_blank\" rel=\"noopener\">Basilicata Creativa<\/a><br\/><a href=\"https:\/\/www.linkedin.com\/company\/corallia\/\" target=\"_blank\" rel=\"noopener\">Corallia<\/a> Innoskart Digital Cluster<br\/><a href=\"https:\/\/www.linkedin.com\/company\/twist-cluster\/\" target=\"_blank\" rel=\"noopener\">TWIST cluster<\/a><br\/><a href=\"https:\/\/www.linkedin.com\/company\/eismea\/\" target=\"_blank\" rel=\"noopener\">European Innovation Council and SMEs Executive Agency (EISMEA)<\/a><br\/><a href=\"https:\/\/www.linkedin.com\/company\/european-cluster-collaboration-platform-eccp\/\" target=\"_blank\" rel=\"noopener\">European Cluster Collaboration Platform (ECCP)<\/a><\/p>\n\n<div class=\"wp-block-columns is-layout-flex wp-container-core-columns-is-layout-28f84493 wp-block-columns-is-layout-flex\">\n<div class=\"wp-block-column is-layout-flow wp-block-column-is-layout-flow\">\n<figure class=\"wp-block-image aligncenter size-full\"><img decoding=\"async\" width=\"332\" height=\"101\" src=\"https:\/\/teselainnova.com\/wp-content\/uploads\/2024\/03\/Risorsa-7.png\" alt=\"\" class=\"wp-image-4779\" title=\"\" srcset=\"https:\/\/teselainnova.com\/wp-content\/uploads\/2024\/03\/Risorsa-7.png 332w, https:\/\/teselainnova.com\/wp-content\/uploads\/2024\/03\/Risorsa-7-300x91.png 300w, https:\/\/teselainnova.com\/wp-content\/uploads\/2024\/03\/Risorsa-7-20x6.png 20w\" sizes=\"(max-width: 332px) 100vw, 332px\" \/><\/figure>\n<\/div>\n\n\n\n<div class=\"wp-block-column is-layout-flow wp-block-column-is-layout-flow\">\n<figure class=\"wp-block-image aligncenter size-full is-resized\"><img decoding=\"async\" width=\"253\" height=\"253\" src=\"https:\/\/teselainnova.com\/wp-content\/uploads\/2023\/09\/EUROCLUSTERS_LOGO_V2-1.png\" alt=\"\" class=\"wp-image-4783\" style=\"width:110px;height:auto\" title=\"\" srcset=\"https:\/\/teselainnova.com\/wp-content\/uploads\/2023\/09\/EUROCLUSTERS_LOGO_V2-1.png 253w, https:\/\/teselainnova.com\/wp-content\/uploads\/2023\/09\/EUROCLUSTERS_LOGO_V2-1-150x150.png 150w, https:\/\/teselainnova.com\/wp-content\/uploads\/2023\/09\/EUROCLUSTERS_LOGO_V2-1-88x88.png 88w, https:\/\/teselainnova.com\/wp-content\/uploads\/2023\/09\/EUROCLUSTERS_LOGO_V2-1-64x64.png 64w\" sizes=\"(max-width: 253px) 100vw, 253px\" \/><\/figure>\n<\/div>\n\n\n\n<div class=\"wp-block-column is-layout-flow wp-block-column-is-layout-flow\">\n<figure class=\"wp-block-image aligncenter size-large is-resized\"><img decoding=\"async\" width=\"1024\" height=\"410\" src=\"https:\/\/teselainnova.com\/wp-content\/uploads\/2023\/11\/Funded-by-the-European-Union-1024x410.png\" alt=\"\" class=\"wp-image-4666\" style=\"width:272px;height:auto\" title=\"\" srcset=\"https:\/\/teselainnova.com\/wp-content\/uploads\/2023\/11\/Funded-by-the-European-Union-1024x410.png 1024w, https:\/\/teselainnova.com\/wp-content\/uploads\/2023\/11\/Funded-by-the-European-Union-300x120.png 300w, https:\/\/teselainnova.com\/wp-content\/uploads\/2023\/11\/Funded-by-the-European-Union-768x307.png 768w, https:\/\/teselainnova.com\/wp-content\/uploads\/2023\/11\/Funded-by-the-European-Union.png 1200w\" sizes=\"(max-width: 1024px) 100vw, 1024px\" \/><\/figure>\n<\/div>\n<\/div>\n","protected":false},"excerpt":{"rendered":"<p>\ud83c\udfd7\ufe0f La chaux joue un r\u00f4le fondamental dans notre vie, qu&rsquo;il s&rsquo;agisse de son utilisation dans la peinture, l&rsquo;agriculture ou la construction. De plus, diff\u00e9rentes civilisations telles que les civilisations maya, \u00e9gyptienne et romaine utilisaient d\u00e9j\u00e0 la chaux comme principal mat\u00e9riau de construction. Bien que la chaux ait toujours \u00e9t\u00e9 pr\u00e9sente, son utilisation dans la [&hellip;]<\/p>\n","protected":false},"author":5,"featured_media":4719,"comment_status":"closed","ping_status":"closed","sticky":false,"template":"","format":"standard","meta":{"_acf_changed":false,"footnotes":""},"categories":[32],"tags":[93,117],"class_list":["post-5091","post","type-post","status-publish","format-standard","has-post-thumbnail","hentry","category-actualites","tag-heritage-fr","tag-projets"],"acf":[],"_links":{"self":[{"href":"https:\/\/teselainnova.com\/fr\/wp-json\/wp\/v2\/posts\/5091","targetHints":{"allow":["GET"]}}],"collection":[{"href":"https:\/\/teselainnova.com\/fr\/wp-json\/wp\/v2\/posts"}],"about":[{"href":"https:\/\/teselainnova.com\/fr\/wp-json\/wp\/v2\/types\/post"}],"author":[{"embeddable":true,"href":"https:\/\/teselainnova.com\/fr\/wp-json\/wp\/v2\/users\/5"}],"replies":[{"embeddable":true,"href":"https:\/\/teselainnova.com\/fr\/wp-json\/wp\/v2\/comments?post=5091"}],"version-history":[{"count":0,"href":"https:\/\/teselainnova.com\/fr\/wp-json\/wp\/v2\/posts\/5091\/revisions"}],"wp:featuredmedia":[{"embeddable":true,"href":"https:\/\/teselainnova.com\/fr\/wp-json\/wp\/v2\/media\/4719"}],"wp:attachment":[{"href":"https:\/\/teselainnova.com\/fr\/wp-json\/wp\/v2\/media?parent=5091"}],"wp:term":[{"taxonomy":"category","embeddable":true,"href":"https:\/\/teselainnova.com\/fr\/wp-json\/wp\/v2\/categories?post=5091"},{"taxonomy":"post_tag","embeddable":true,"href":"https:\/\/teselainnova.com\/fr\/wp-json\/wp\/v2\/tags?post=5091"}],"curies":[{"name":"wp","href":"https:\/\/api.w.org\/{rel}","templated":true}]}}