{"id":3429,"date":"2023-07-07T15:00:00","date_gmt":"2023-07-07T13:00:00","guid":{"rendered":"https:\/\/teselainnova.com\/tesela-gala-ete-aje-granada-2023\/"},"modified":"2024-09-03T12:09:25","modified_gmt":"2024-09-03T10:09:25","slug":"tesela-gala-ete-aje-granada-2023","status":"publish","type":"post","link":"https:\/\/teselainnova.com\/fr\/actualites\/tesela-gala-ete-aje-granada-2023\/","title":{"rendered":"TESELA au Gala d&rsquo;\u00e9t\u00e9 de l&rsquo;AJE Grenade (2023)"},"content":{"rendered":"\n<p>L&rsquo;AJE Grenade avait tout pr\u00e9vu et cela n&rsquo;aurait pas pu mieux se passer !<\/p>\n\n<p>Musique, f\u00eate, chatillos&#8230; Une f\u00eate \u00e0 part enti\u00e8re \u00e0 laquelle TESELA a pu participer et rencontrer des amis, des personnes et des entreprises formidables et surtout profiter de la f\u00eate \u00e0 laquelle le conseil d&rsquo;administration de l&rsquo;AJE Grenade nous a toujours habitu\u00e9s en tant qu&rsquo;associ\u00e9s.<\/p>\n\n<p>Ne manquez pas l&rsquo;interview qu&rsquo;ils nous ont accord\u00e9e (minute 12) !<\/p>\n\n<figure class=\"wp-block-embed is-type-video is-provider-youtube wp-block-embed-youtube wp-embed-aspect-16-9 wp-has-aspect-ratio\"><div class=\"wp-block-embed__wrapper\"> \n<iframe loading=\"lazy\" title=\"\u25b6 Granada Tev\u00e9 \u25b6 Gala AJE Verano | Jueves 20 de julio 2023\" width=\"500\" height=\"281\" src=\"https:\/\/www.youtube.com\/embed\/F7g7erdH4VE?feature=oembed\" frameborder=\"0\" allow=\"accelerometer; autoplay; clipboard-write; encrypted-media; gyroscope; picture-in-picture; web-share\" referrerpolicy=\"strict-origin-when-cross-origin\" allowfullscreen><\/iframe>\n <\/div><\/figure>\n","protected":false},"excerpt":{"rendered":"<p>L&rsquo;AJE Grenade avait tout pr\u00e9vu et cela n&rsquo;aurait pas pu mieux se passer ! Musique, f\u00eate, chatillos&#8230; Une f\u00eate \u00e0 part enti\u00e8re \u00e0 laquelle TESELA a pu participer et rencontrer des amis, des personnes et des entreprises formidables et surtout profiter de la f\u00eate \u00e0 laquelle le conseil d&rsquo;administration de l&rsquo;AJE Grenade nous a toujours [&hellip;]<\/p>\n","protected":false},"author":5,"featured_media":3395,"comment_status":"closed","ping_status":"closed","sticky":false,"template":"","format":"standard","meta":{"_acf_changed":false,"footnotes":""},"categories":[32],"tags":[97,119],"class_list":["post-3429","post","type-post","status-publish","format-standard","has-post-thumbnail","hentry","category-actualites","tag-partenariats","tag-entreprenariat"],"acf":[],"_links":{"self":[{"href":"https:\/\/teselainnova.com\/fr\/wp-json\/wp\/v2\/posts\/3429","targetHints":{"allow":["GET"]}}],"collection":[{"href":"https:\/\/teselainnova.com\/fr\/wp-json\/wp\/v2\/posts"}],"about":[{"href":"https:\/\/teselainnova.com\/fr\/wp-json\/wp\/v2\/types\/post"}],"author":[{"embeddable":true,"href":"https:\/\/teselainnova.com\/fr\/wp-json\/wp\/v2\/users\/5"}],"replies":[{"embeddable":true,"href":"https:\/\/teselainnova.com\/fr\/wp-json\/wp\/v2\/comments?post=3429"}],"version-history":[{"count":0,"href":"https:\/\/teselainnova.com\/fr\/wp-json\/wp\/v2\/posts\/3429\/revisions"}],"wp:featuredmedia":[{"embeddable":true,"href":"https:\/\/teselainnova.com\/fr\/wp-json\/wp\/v2\/media\/3395"}],"wp:attachment":[{"href":"https:\/\/teselainnova.com\/fr\/wp-json\/wp\/v2\/media?parent=3429"}],"wp:term":[{"taxonomy":"category","embeddable":true,"href":"https:\/\/teselainnova.com\/fr\/wp-json\/wp\/v2\/categories?post=3429"},{"taxonomy":"post_tag","embeddable":true,"href":"https:\/\/teselainnova.com\/fr\/wp-json\/wp\/v2\/tags?post=3429"}],"curies":[{"name":"wp","href":"https:\/\/api.w.org\/{rel}","templated":true}]}}